{"id":4321,"date":"2013-07-18T16:54:00","date_gmt":"2013-07-18T16:54:00","guid":{"rendered":"https:\/\/rubencabeza.com\/2013\/07\/18\/muchas-gracias-madiba\/"},"modified":"2020-05-22T23:29:32","modified_gmt":"2020-05-22T21:29:32","slug":"muchas-gracias-madiba","status":"publish","type":"post","link":"https:\/\/rubencabeza.com\/en\/muchas-gracias-madiba\/","title":{"rendered":"MUCHAS GRACIAS \u201cMADIBA\u201d"},"content":{"rendered":"<p>El d\u00eda 18 de julio ha sido declarado oficialmente por la ONU como el D\u00eda Internacional de Nelson Mandela. En su comunicado, la ONU desea que \u201cel D\u00eda de Mandela sirva de catalizador para que todas y cada una de las personas comprendan que ellas tienen la capacidad para cambiar el mundo con su acci\u00f3n\u201d.<\/p>\n<p>Nelson Mandela\u2026<!-- more --><\/p>\n<p>\u2026una persona que muestra al mundo el perd\u00f3n, la valent\u00eda, la honestidad, la sinceridad, la superaci\u00f3n, la voluntad y el coraje de perseguir un sue\u00f1o que se antojaba imposible hasta conseguirlo\u2026<\/p>\n<p>\u2026una persona que se considera igual al resto de los seres humanos y que, lejos de presumir de todas sus acciones, ha animado a que todo el mundo haga lo mismo\u2026 porque todos tenemos en nuestro interior esa capacidad\u2026 porque todos somos igual de especiales\u2026<\/p>\n<p>\u2026una persona que me evoca un sentimiento especial y que estremece mi coraz\u00f3n cuando me adentro en la c\u00e1lida y tranquila profundidad de su mirada y de su amplia sonrisa\u2026<\/p>\n<p><strong>Muchas gracias Mandela, \u201cMadiba\u201d, por todo lo que nos regalas cada d\u00eda.<\/strong><\/p>\n<figure class=\"tmblr-full\" data-orig-height=\"281\" data-orig-width=\"500\"><img decoding=\"async\" src=\"https:\/\/66.media.tumblr.com\/8e7c54b5c1f17c09e08e1b99f5262c60\/1406969f083c5178-91\/s540x810\/259b48c87425eb355c493566cbd658551bb71582.jpg\" alt=\"image\" data-orig-height=\"281\" data-orig-width=\"500\" \/><\/figure>\n<p>Creo que la iniciativa del <strong>Mandela Day<\/strong> es un proyecto muy bonito para que recordemos de ayudar y pensar en los dem\u00e1s. Ese d\u00eda y mucho otros durante el a\u00f1o. Mandela debe ser nuestra inspiraci\u00f3n para ser cada d\u00eda mejores personas. Cada 18 de julio hagamos 67 minutos de servicio a nuestra comunidad, nuestros amigos, familia,etc.<\/p>\n<p>Aqu\u00ed os dejo el enlace de la web donde podr\u00e9is tener m\u00e1s informaci\u00f3n sobre el Mandela Day, las actividades, ideas de lo que podemos hacer por los dem\u00e1s y muchas cosas m\u00e1s.<\/p>\n<p><a href=\"http:\/\/www.mandeladay.com\/\" target=\"_blank\" rel=\"noopener noreferrer\">http:\/\/www.mandeladay.com\/<\/a><\/p>\n<p><img decoding=\"async\" src=\"https:\/\/66.media.tumblr.com\/3518618ebe252a8d24a49c7cf3662f4d\/1406969f083c5178-6b\/s540x810\/b443157f3305bfa45674194901b8412b5d8b7338.jpg\" alt=\"image\" data-orig-height=\"750\" data-orig-width=\"497\" \/><\/p>\n<p><em>(fotograf\u00eda: Times achive)<\/em><\/p>\n<figure class=\"tmblr-full\" data-orig-height=\"500\" data-orig-width=\"500\"><\/figure>\n","protected":false},"excerpt":{"rendered":"<p>El d\u00eda 18 de julio ha sido declarado oficialmente por la ONU como el D\u00eda Internacional de Nelson Mandela. En su comunicado, la ONU desea que \u201cel D\u00eda de Mandela sirva de catalizador para que todas y cada una de las personas comprendan que ellas tienen la capacidad para cambiar el mundo con su acci\u00f3n\u201d. [&hellip;]<\/p>\n","protected":false},"author":1,"featured_media":4840,"comment_status":"open","ping_status":"open","sticky":false,"template":"","format":"standard","meta":[],"categories":[1],"tags":[162,164,38,165,159,161,101,36,37,163],"_links":{"self":[{"href":"https:\/\/rubencabeza.com\/en\/wp-json\/wp\/v2\/posts\/4321"}],"collection":[{"href":"https:\/\/rubencabeza.com\/en\/wp-json\/wp\/v2\/posts"}],"about":[{"href":"https:\/\/rubencabeza.com\/en\/wp-json\/wp\/v2\/types\/post"}],"author":[{"embeddable":true,"href":"https:\/\/rubencabeza.com\/en\/wp-json\/wp\/v2\/users\/1"}],"replies":[{"embeddable":true,"href":"https:\/\/rubencabeza.com\/en\/wp-json\/wp\/v2\/comments?post=4321"}],"version-history":[{"count":2,"href":"https:\/\/rubencabeza.com\/en\/wp-json\/wp\/v2\/posts\/4321\/revisions"}],"predecessor-version":[{"id":4996,"href":"https:\/\/rubencabeza.com\/en\/wp-json\/wp\/v2\/posts\/4321\/revisions\/4996"}],"wp:featuredmedia":[{"embeddable":true,"href":"https:\/\/rubencabeza.com\/en\/wp-json\/wp\/v2\/media\/4840"}],"wp:attachment":[{"href":"https:\/\/rubencabeza.com\/en\/wp-json\/wp\/v2\/media?parent=4321"}],"wp:term":[{"taxonomy":"category","embeddable":true,"href":"https:\/\/rubencabeza.com\/en\/wp-json\/wp\/v2\/categories?post=4321"},{"taxonomy":"post_tag","embeddable":true,"href":"https:\/\/rubencabeza.com\/en\/wp-json\/wp\/v2\/tags?post=4321"}],"curies":[{"name":"wp","href":"https:\/\/api.w.org\/{rel}","templated":true}]}}